{"id":627,"date":"2025-05-30T19:08:25","date_gmt":"2025-05-30T17:08:25","guid":{"rendered":"https:\/\/www.acer-catalunya.org\/?p=627"},"modified":"2025-05-30T19:14:16","modified_gmt":"2025-05-30T17:14:16","slug":"la-doctora-susana-puig-nova-directora-de-lidibaps","status":"publish","type":"post","link":"https:\/\/www.acer-catalunya.org\/es\/la-doctora-susana-puig-nova-directora-de-lidibaps\/","title":{"rendered":"La doctora Susana Puig, nueva directora del IDIBAPS"},"content":{"rendered":"\n<p>Hoy, jueves 29 de mayo de 2025, se ha celebrado una reuni\u00f3n extraordinaria del Patronato del IDIBAPS en la que se ha nombrado a la doctora\u00a0<strong>Susana Puig<\/strong>\u00a0nueva directora de la instituci\u00f3n.\u00a0<strong>Puig<\/strong>\u00a0sustituye al doctor\u00a0<strong>El\u00edas Campo<\/strong>, quien ha ocupado el cargo desde 2017. La elecci\u00f3n de la nueva directora se llev\u00f3 a cabo tras una convocatoria internacional y un proceso abierto de selecci\u00f3n.<\/p>\n\n\n\n<p>La dra.\u00a0<strong>Susana Puig<\/strong>\u00a0es l\u00edder del grupo de investigaci\u00f3n del IDIBAPS \u00ab<a rel=\"noreferrer noopener\" href=\"https:\/\/www.clinicbarcelona.org\/idibaps\/areas-y-programas\/cancer\/melanoma-imagen-genetica-e-inmunologia\" target=\"_blank\">Melanoma: Imagen, Gen\u00e9tica e Inmunolog\u00eda<\/a>\u00ab, jefa del Servicio de Dermatolog\u00eda del Hospital Cl\u00ednic de Barcelona y catedr\u00e1tica en la Universidad de Barcelona. Esta triple filiaci\u00f3n confirma el modelo de campus que integra la Investigaci\u00f3n, la Docencia y la Asistencia y que continuar\u00e1 con la construcci\u00f3n del nuevo Campus Cl\u00ednic &#8211; UB en la Diagonal de Barcelona en los pr\u00f3ximos a\u00f1os.Tambi\u00e9n es investigadora principal en el CIBERER y miembro de la junta directiva de diversas sociedades cient\u00edficas. Obtuvo la licenciatura en Medicina en la Universidad de Barcelona y se especializ\u00f3 en Dermatolog\u00eda en 1992, consiguiendo el doctorado en el a\u00f1o 2000. Ha participado en m\u00e1s de 30 proyectos de investigaci\u00f3n competitivos y en m\u00e1s de 50 ensayos cl\u00ednicos, lo que le ha llevado a publicar m\u00e1s de 500 art\u00edculos cient\u00edficos y dirigir cerca de 40 tesis doctorales y trabajos de m\u00e1ster.<\/p>\n\n\n\n<p>Para sa<a href=\"https:\/\/www.clinicbarcelona.org\/noticias\/la-doctora-susana-puig-nueva-directora-del-idibaps?from=research\">ber m\u00e1s&#8230;<\/a><\/p>\n","protected":false},"excerpt":{"rendered":"<p>Hoy, jueves 29 de mayo de 2025, se ha celebrado una reuni\u00f3n extraordinaria del Patronato del IDIBAPS en la que se ha nombrado a la doctora\u00a0Susana Puig\u00a0nueva directora de la instituci\u00f3n.\u00a0Puig\u00a0sustituye al doctor\u00a0El\u00edas Campo, quien ha ocupado el cargo desde 2017. La elecci\u00f3n de la nueva directora se llev\u00f3 a cabo tras una convocatoria internacional &#8230; <a title=\"La doctora Susana Puig, nueva directora del IDIBAPS\" class=\"read-more\" href=\"https:\/\/www.acer-catalunya.org\/es\/la-doctora-susana-puig-nova-directora-de-lidibaps\/\" aria-label=\"More on La doctora Susana Puig, nueva directora del IDIBAPS\">Read more<\/a><\/p>\n","protected":false},"author":2,"featured_media":628,"comment_status":"closed","ping_status":"closed","sticky":false,"template":"","format":"standard","meta":[],"categories":[18],"tags":[38,44,43,64,34,45],"post_formats":[],"AFP_featured_media_urls":{"full":["https:\/\/www.acer-catalunya.org\/wp-content\/uploads\/2025\/05\/IDIBAPS-SUSANA-PUIG.webp",1200,675,false],"thumbnail":["https:\/\/www.acer-catalunya.org\/wp-content\/uploads\/2025\/05\/IDIBAPS-SUSANA-PUIG-150x150.webp",150,150,true],"medium":["https:\/\/www.acer-catalunya.org\/wp-content\/uploads\/2025\/05\/IDIBAPS-SUSANA-PUIG-300x169.webp",300,169,true],"medium_large":["https:\/\/www.acer-catalunya.org\/wp-content\/uploads\/2025\/05\/IDIBAPS-SUSANA-PUIG-768x432.webp",768,432,true],"large":["https:\/\/www.acer-catalunya.org\/wp-content\/uploads\/2025\/05\/IDIBAPS-SUSANA-PUIG-1024x576.webp",1024,576,true]},"AFP_attachments":{"full":["https:\/\/www.acer-catalunya.org\/wp-content\/uploads\/2025\/05\/IDIBAPS-SUSANA-PUIG.webp",1200,675,false],"thumbnail":["https:\/\/www.acer-catalunya.org\/wp-content\/uploads\/2025\/05\/IDIBAPS-SUSANA-PUIG-150x150.webp",150,150,true],"medium":["https:\/\/www.acer-catalunya.org\/wp-content\/uploads\/2025\/05\/IDIBAPS-SUSANA-PUIG-300x169.webp",300,169,true],"medium_large":["https:\/\/www.acer-catalunya.org\/wp-content\/uploads\/2025\/05\/IDIBAPS-SUSANA-PUIG-768x432.webp",768,432,true],"large":["https:\/\/www.acer-catalunya.org\/wp-content\/uploads\/2025\/05\/IDIBAPS-SUSANA-PUIG-1024x576.webp",1024,576,true]},"AFP_videos":[],"AFP_video_blocks":"","AFP_category_names":["Noticias"],"_links":{"self":[{"href":"https:\/\/www.acer-catalunya.org\/es\/wp-json\/wp\/v2\/posts\/627"}],"collection":[{"href":"https:\/\/www.acer-catalunya.org\/es\/wp-json\/wp\/v2\/posts"}],"about":[{"href":"https:\/\/www.acer-catalunya.org\/es\/wp-json\/wp\/v2\/types\/post"}],"author":[{"embeddable":true,"href":"https:\/\/www.acer-catalunya.org\/es\/wp-json\/wp\/v2\/users\/2"}],"replies":[{"embeddable":true,"href":"https:\/\/www.acer-catalunya.org\/es\/wp-json\/wp\/v2\/comments?post=627"}],"version-history":[{"count":3,"href":"https:\/\/www.acer-catalunya.org\/es\/wp-json\/wp\/v2\/posts\/627\/revisions"}],"predecessor-version":[{"id":633,"href":"https:\/\/www.acer-catalunya.org\/es\/wp-json\/wp\/v2\/posts\/627\/revisions\/633"}],"wp:featuredmedia":[{"embeddable":true,"href":"https:\/\/www.acer-catalunya.org\/es\/wp-json\/wp\/v2\/media\/628"}],"wp:attachment":[{"href":"https:\/\/www.acer-catalunya.org\/es\/wp-json\/wp\/v2\/media?parent=627"}],"wp:term":[{"taxonomy":"category","embeddable":true,"href":"https:\/\/www.acer-catalunya.org\/es\/wp-json\/wp\/v2\/categories?post=627"},{"taxonomy":"post_tag","embeddable":true,"href":"https:\/\/www.acer-catalunya.org\/es\/wp-json\/wp\/v2\/tags?post=627"},{"taxonomy":"post_format","embeddable":true,"href":"https:\/\/www.acer-catalunya.org\/es\/wp-json\/wp\/v2\/post_formats?post=627"}],"curies":[{"name":"wp","href":"https:\/\/api.w.org\/{rel}","templated":true}]}}