{"id":616,"date":"2025-04-23T10:13:57","date_gmt":"2025-04-23T08:13:57","guid":{"rendered":"https:\/\/www.acer-catalunya.org\/?p=616"},"modified":"2025-04-23T10:19:09","modified_gmt":"2025-04-23T08:19:09","slug":"el-dr-ari-melnick-nou-director-de-linstitut-de-recerca-contra-la-leucemia-josep-carreras","status":"publish","type":"post","link":"https:\/\/www.acer-catalunya.org\/es\/el-dr-ari-melnick-nou-director-de-linstitut-de-recerca-contra-la-leucemia-josep-carreras\/","title":{"rendered":"El Dr. Ari Melnick, nuevo director del Instituto de Investigaci\u00f3n contra la Leucemia Josep Carreras"},"content":{"rendered":"\n<p><strong><strong>El patronato del Instituto de Investigaci\u00f3n contra la Leucemia Josep Carreras ha aprobado el nombramiento del Dr. Ari Melnick como nuevo director del centro. El Dr. Melnick asumir\u00e1 el liderazgo del Instituto, centrado en la investigaci\u00f3n de la leucemia y otras hemopat\u00edas malignas.<\/strong><\/strong><\/p>\n\n\n\n<p>El&nbsp;<strong>Dr. Ari Melnick ha sido nombrado director del Instituto de Investigaci\u00f3n contra la Leucemia Josep Carreras<\/strong>&nbsp;por el patronato del centro. Fundado en 2010 por la Generalitat de Catalunya y la Fundaci\u00f3n Josep Carreras contra la Leucemia y con sede en Badalona, el Instituto Josep Carreras se centra en la investigaci\u00f3n biom\u00e9dica y la medicina de precisi\u00f3n en el \u00e1mbito de la leucemia y otras enfermedades malignas de la sangre.<\/p>\n\n\n\n<p>El Dr. Ari Melnick aporta una amplia experiencia en investigaci\u00f3n en hematolog\u00eda al Instituto Josep Carreras. Graduado en Medicina por la Universidad de Buenos Aires en 1990, ha trabajado en prestigiosas instituciones, como la Mount Sinai School of Medicine o el Weill Corner Cancer Center (Nueva York, EE. UU.), donde lideraba el programa de Hemopat\u00edas malignas y era profesor \u201cGebroe Family\u201d desde 2013. Melnick es reconocido internacionalmente en el campo de las enfermedades hematol\u00f3gicas malignas y la epigen\u00e9tica del c\u00e1ncer. Fue uno de los primeros en desarrollar inhibidores de factores de transcripci\u00f3n de dise\u00f1o racional y en llevar a cabo estudios epigen\u00f3micos a gran escala en humanos. Su investigaci\u00f3n demostr\u00f3 que la programaci\u00f3n epigen\u00e9tica aberrante es una firma del c\u00e1ncer y que la diversidad epigen\u00e9tica es un determinante fundamental de la adaptaci\u00f3n del tumor y comporta una evoluci\u00f3n cl\u00ednica desfavorable. Es autor de m\u00e1s de 360 estudios y varios de los enfoques terap\u00e9uticos que ha desarrollado e identificado han sido aprobados por la FDA americana o han pasado por ensayos cl\u00ednicos de fase III. Por estos logros, fue galardonado con el premio Ernest Beutler en Investigaci\u00f3n Traslacional por la Sociedad Americana de Hematolog\u00eda. El Dr. Melnick forma parte de la junta directiva de la Leukemia and Lymphoma Society y la Lymphoma Research Foundation.<\/p>\n\n\n\n<p><a href=\"https:\/\/www.carrerasresearch.org\/es\/noticias\/el-dr-ari-melnick-nuevo-director-del-instituto-de-investigacion-contra-la-leucemia-josep-carreras\" target=\"_blank\" rel=\"noreferrer noopener\">M\u00e1s informaci\u00f3n&#8230;<\/a><\/p>\n","protected":false},"excerpt":{"rendered":"<p>El patronato del Instituto de Investigaci\u00f3n contra la Leucemia Josep Carreras ha aprobado el nombramiento del Dr. Ari Melnick como nuevo director del centro. El Dr. Melnick asumir\u00e1 el liderazgo del Instituto, centrado en la investigaci\u00f3n de la leucemia y otras hemopat\u00edas malignas. El&nbsp;Dr. Ari Melnick ha sido nombrado director del Instituto de Investigaci\u00f3n contra &#8230; <a title=\"El Dr. Ari Melnick, nuevo director del Instituto de Investigaci\u00f3n contra la Leucemia Josep Carreras\" class=\"read-more\" href=\"https:\/\/www.acer-catalunya.org\/es\/el-dr-ari-melnick-nou-director-de-linstitut-de-recerca-contra-la-leucemia-josep-carreras\/\" aria-label=\"More on El Dr. Ari Melnick, nuevo director del Instituto de Investigaci\u00f3n contra la Leucemia Josep Carreras\">Read more<\/a><\/p>\n","protected":false},"author":2,"featured_media":617,"comment_status":"closed","ping_status":"closed","sticky":false,"template":"","format":"standard","meta":[],"categories":[18],"tags":[38,44,43,88,59,34,45],"post_formats":[],"AFP_featured_media_urls":{"full":["https:\/\/www.acer-catalunya.org\/wp-content\/uploads\/2025\/04\/Melnick-web-1334-x-1300-px.png",667,650,false],"thumbnail":["https:\/\/www.acer-catalunya.org\/wp-content\/uploads\/2025\/04\/Melnick-web-1334-x-1300-px-150x150.png",150,150,true],"medium":["https:\/\/www.acer-catalunya.org\/wp-content\/uploads\/2025\/04\/Melnick-web-1334-x-1300-px-300x292.png",300,292,true],"medium_large":["https:\/\/www.acer-catalunya.org\/wp-content\/uploads\/2025\/04\/Melnick-web-1334-x-1300-px.png",667,650,false],"large":["https:\/\/www.acer-catalunya.org\/wp-content\/uploads\/2025\/04\/Melnick-web-1334-x-1300-px.png",667,650,false]},"AFP_attachments":{"full":["https:\/\/www.acer-catalunya.org\/wp-content\/uploads\/2025\/04\/Melnick-web-1334-x-1300-px.png",667,650,false],"thumbnail":["https:\/\/www.acer-catalunya.org\/wp-content\/uploads\/2025\/04\/Melnick-web-1334-x-1300-px-150x150.png",150,150,true],"medium":["https:\/\/www.acer-catalunya.org\/wp-content\/uploads\/2025\/04\/Melnick-web-1334-x-1300-px-300x292.png",300,292,true],"medium_large":["https:\/\/www.acer-catalunya.org\/wp-content\/uploads\/2025\/04\/Melnick-web-1334-x-1300-px.png",667,650,false],"large":["https:\/\/www.acer-catalunya.org\/wp-content\/uploads\/2025\/04\/Melnick-web-1334-x-1300-px.png",667,650,false]},"AFP_videos":[],"AFP_video_blocks":"","AFP_category_names":["Noticias"],"_links":{"self":[{"href":"https:\/\/www.acer-catalunya.org\/es\/wp-json\/wp\/v2\/posts\/616"}],"collection":[{"href":"https:\/\/www.acer-catalunya.org\/es\/wp-json\/wp\/v2\/posts"}],"about":[{"href":"https:\/\/www.acer-catalunya.org\/es\/wp-json\/wp\/v2\/types\/post"}],"author":[{"embeddable":true,"href":"https:\/\/www.acer-catalunya.org\/es\/wp-json\/wp\/v2\/users\/2"}],"replies":[{"embeddable":true,"href":"https:\/\/www.acer-catalunya.org\/es\/wp-json\/wp\/v2\/comments?post=616"}],"version-history":[{"count":4,"href":"https:\/\/www.acer-catalunya.org\/es\/wp-json\/wp\/v2\/posts\/616\/revisions"}],"predecessor-version":[{"id":623,"href":"https:\/\/www.acer-catalunya.org\/es\/wp-json\/wp\/v2\/posts\/616\/revisions\/623"}],"wp:featuredmedia":[{"embeddable":true,"href":"https:\/\/www.acer-catalunya.org\/es\/wp-json\/wp\/v2\/media\/617"}],"wp:attachment":[{"href":"https:\/\/www.acer-catalunya.org\/es\/wp-json\/wp\/v2\/media?parent=616"}],"wp:term":[{"taxonomy":"category","embeddable":true,"href":"https:\/\/www.acer-catalunya.org\/es\/wp-json\/wp\/v2\/categories?post=616"},{"taxonomy":"post_tag","embeddable":true,"href":"https:\/\/www.acer-catalunya.org\/es\/wp-json\/wp\/v2\/tags?post=616"},{"taxonomy":"post_format","embeddable":true,"href":"https:\/\/www.acer-catalunya.org\/es\/wp-json\/wp\/v2\/post_formats?post=616"}],"curies":[{"name":"wp","href":"https:\/\/api.w.org\/{rel}","templated":true}]}}