{"id":596,"date":"2024-06-27T17:45:09","date_gmt":"2024-06-27T15:45:09","guid":{"rendered":"https:\/\/www.acer-catalunya.org\/?p=596"},"modified":"2024-08-22T17:49:21","modified_gmt":"2024-08-22T15:49:21","slug":"lidiapjgol-nou-centre-acer","status":"publish","type":"post","link":"https:\/\/www.acer-catalunya.org\/es\/lidiapjgol-nou-centre-acer\/","title":{"rendered":"L&#8217;IDIAPJGol Nou centre ACER"},"content":{"rendered":"\n<p>En l&#8217;assemblea celebrada aquest passat 26 de juny, es va acordar acceptar la petici\u00f3 de la Fundaci\u00f3 Institut Universitari per a la recerca a l&#8217;Atenci\u00f3 Prim\u00e0ria de Salut Jordi Gol i Gurina (IDIAPJGol) d&#8217;esdevenir una nova entitat associada a l&#8217;ACER. L&#8217;entrada de l&#8217;IDIAPJGol representa un refor\u00e7 del paper que t\u00e9 l&#8217;ACER en tant que associaci\u00f3 que agrupa els centres de recerca establerts a Catalunya que compleixen amb els requisits de ser centres que fan una recerca d&#8217;alta qualitat cient\u00edfica, que tenen personalitat jur\u00eddica pr\u00f2pia i ser entitats sense afany de lucre. Amb la seva incorporaci\u00f3 l&#8217;ACER passa a tenir 39 centres associats.<\/p>\n\n\n\n<p>L&#8217;IDIAPJGol \u00e9s un centre fundat l&#8217;any 1996 que t\u00e9 com a membres fundacionals la Generalitat de Catalunya (Institut Catal\u00e0 de la Salut i Departament de Salut) i la Fundaci\u00f3 IDIAP. La seva missi\u00f3 segons resolen els seus estatuts \u00e9s la de promoure i gestionar la innovaci\u00f3, la formaci\u00f3, la doc\u00e8ncia i la recerca cl\u00ednica, epidemiol\u00f2gica i en serveis de la salut en l\u2019\u00e0mbit de l\u2019atenci\u00f3 prim\u00e0ria. \u00c9s un centre que t\u00e9 la peculiaritat de tenir diverses seus, la central a Barcelona i d&#8217;altres escampades per tot el territori anomenades unitats de suport territorial, 8 en total. <\/p>\n\n\n\n<p>\u00c9s un centre de refer\u00e8ncia en la recerca i la promoci\u00f3 de la salut al primer nivell assistencial que t\u00e9 com a objectiu impulsar i desenvolupar\u00a0 la innovaci\u00f3, la recerca cl\u00ednica, epidemiol\u00f2gica i en serveis de la salut en l\u2019\u00e0mbit de l\u2019atenci\u00f3 prim\u00e0ria, i oferir formaci\u00f3 amb la finalitat de generar coneixements, difondre resultats i traslladar-los a la pr\u00e0ctica cl\u00ednica per aportar efici\u00e8ncia al sistema sanitari i promoure i millorar la salut de les persones.<\/p>\n\n\n\n<p>Actualment l&#8217;IDIAPJGol est\u00e0 dirigida pel Dr. Josep Basora i compta amb m\u00e9s de 1300 investigadors associats. <\/p>\n\n\n\n<p><\/p>\n","protected":false},"excerpt":{"rendered":"<p>En l&#8217;assemblea celebrada aquest passat 26 de juny, es va acordar acceptar la petici\u00f3 de la Fundaci\u00f3 Institut Universitari per a la recerca a l&#8217;Atenci\u00f3 Prim\u00e0ria de Salut Jordi Gol i Gurina (IDIAPJGol) d&#8217;esdevenir una nova entitat associada a l&#8217;ACER. L&#8217;entrada de l&#8217;IDIAPJGol representa un refor\u00e7 del paper que t\u00e9 l&#8217;ACER en tant que associaci\u00f3 &#8230; <a title=\"L&#8217;IDIAPJGol Nou centre ACER\" class=\"read-more\" href=\"https:\/\/www.acer-catalunya.org\/es\/lidiapjgol-nou-centre-acer\/\" aria-label=\"More on L&#8217;IDIAPJGol Nou centre ACER\">Read more<\/a><\/p>\n","protected":false},"author":2,"featured_media":600,"comment_status":"closed","ping_status":"closed","sticky":false,"template":"","format":"standard","meta":[],"categories":[18],"tags":[38,44,43,82,83,34,45],"post_formats":[],"AFP_featured_media_urls":{"full":["https:\/\/www.acer-catalunya.org\/wp-content\/uploads\/2024\/06\/Josep_Basora_-_IDIAPJGol_2_500x__.jpg",500,331,false],"thumbnail":["https:\/\/www.acer-catalunya.org\/wp-content\/uploads\/2024\/06\/Josep_Basora_-_IDIAPJGol_2_500x__-150x150.jpg",150,150,true],"medium":["https:\/\/www.acer-catalunya.org\/wp-content\/uploads\/2024\/06\/Josep_Basora_-_IDIAPJGol_2_500x__-300x199.jpg",300,199,true],"medium_large":["https:\/\/www.acer-catalunya.org\/wp-content\/uploads\/2024\/06\/Josep_Basora_-_IDIAPJGol_2_500x__.jpg",500,331,false],"large":["https:\/\/www.acer-catalunya.org\/wp-content\/uploads\/2024\/06\/Josep_Basora_-_IDIAPJGol_2_500x__.jpg",500,331,false]},"AFP_attachments":{"full":["https:\/\/www.acer-catalunya.org\/wp-content\/uploads\/2024\/06\/Josep_Basora_-_IDIAPJGol_2_500x__.jpg",500,331,false],"thumbnail":["https:\/\/www.acer-catalunya.org\/wp-content\/uploads\/2024\/06\/Josep_Basora_-_IDIAPJGol_2_500x__-150x150.jpg",150,150,true],"medium":["https:\/\/www.acer-catalunya.org\/wp-content\/uploads\/2024\/06\/Josep_Basora_-_IDIAPJGol_2_500x__-300x199.jpg",300,199,true],"medium_large":["https:\/\/www.acer-catalunya.org\/wp-content\/uploads\/2024\/06\/Josep_Basora_-_IDIAPJGol_2_500x__.jpg",500,331,false],"large":["https:\/\/www.acer-catalunya.org\/wp-content\/uploads\/2024\/06\/Josep_Basora_-_IDIAPJGol_2_500x__.jpg",500,331,false]},"AFP_videos":[],"AFP_video_blocks":"","AFP_category_names":["Noticias"],"_links":{"self":[{"href":"https:\/\/www.acer-catalunya.org\/es\/wp-json\/wp\/v2\/posts\/596"}],"collection":[{"href":"https:\/\/www.acer-catalunya.org\/es\/wp-json\/wp\/v2\/posts"}],"about":[{"href":"https:\/\/www.acer-catalunya.org\/es\/wp-json\/wp\/v2\/types\/post"}],"author":[{"embeddable":true,"href":"https:\/\/www.acer-catalunya.org\/es\/wp-json\/wp\/v2\/users\/2"}],"replies":[{"embeddable":true,"href":"https:\/\/www.acer-catalunya.org\/es\/wp-json\/wp\/v2\/comments?post=596"}],"version-history":[{"count":4,"href":"https:\/\/www.acer-catalunya.org\/es\/wp-json\/wp\/v2\/posts\/596\/revisions"}],"predecessor-version":[{"id":602,"href":"https:\/\/www.acer-catalunya.org\/es\/wp-json\/wp\/v2\/posts\/596\/revisions\/602"}],"wp:featuredmedia":[{"embeddable":true,"href":"https:\/\/www.acer-catalunya.org\/es\/wp-json\/wp\/v2\/media\/600"}],"wp:attachment":[{"href":"https:\/\/www.acer-catalunya.org\/es\/wp-json\/wp\/v2\/media?parent=596"}],"wp:term":[{"taxonomy":"category","embeddable":true,"href":"https:\/\/www.acer-catalunya.org\/es\/wp-json\/wp\/v2\/categories?post=596"},{"taxonomy":"post_tag","embeddable":true,"href":"https:\/\/www.acer-catalunya.org\/es\/wp-json\/wp\/v2\/tags?post=596"},{"taxonomy":"post_format","embeddable":true,"href":"https:\/\/www.acer-catalunya.org\/es\/wp-json\/wp\/v2\/post_formats?post=596"}],"curies":[{"name":"wp","href":"https:\/\/api.w.org\/{rel}","templated":true}]}}