{"id":582,"date":"2024-05-02T13:21:40","date_gmt":"2024-05-02T11:21:40","guid":{"rendered":"https:\/\/www.acer-catalunya.org\/?p=582"},"modified":"2024-05-02T13:22:42","modified_gmt":"2024-05-02T11:22:42","slug":"debat-electoral-la-politica-al-centre-de-les-politiques-publiques","status":"publish","type":"post","link":"https:\/\/www.acer-catalunya.org\/es\/debat-electoral-la-politica-al-centre-de-les-politiques-publiques\/","title":{"rendered":"VIDEO Debat electoral: La Pol\u00edtica al Centre de les Pol\u00edtiques P\u00fabliques"},"content":{"rendered":"\n<figure class=\"wp-block-embed is-type-video is-provider-youtube wp-block-embed-youtube wp-embed-aspect-16-9 wp-has-aspect-ratio\"><div class=\"wp-block-embed__wrapper\">\n<iframe loading=\"lazy\" title=\"Debat electoral: La ci\u00e8ncia en el centre de les pol\u00edtiques p\u00fabliques (22 d\u2019abril 2024)\" width=\"1200\" height=\"675\" src=\"https:\/\/www.youtube.com\/embed\/bcMqUXWCRsI?feature=oembed\" frameborder=\"0\" allow=\"accelerometer; autoplay; clipboard-write; encrypted-media; gyroscope; picture-in-picture; web-share\" referrerpolicy=\"strict-origin-when-cross-origin\" allowfullscreen><\/iframe>\n<\/div><\/figure>\n","protected":false},"excerpt":{"rendered":"","protected":false},"author":2,"featured_media":575,"comment_status":"closed","ping_status":"closed","sticky":false,"template":"","format":"standard","meta":[],"categories":[1],"tags":[],"post_formats":[],"AFP_featured_media_urls":{"full":["https:\/\/www.acer-catalunya.org\/wp-content\/uploads\/2024\/04\/Debat12MRecerca.jpg",1217,900,false],"thumbnail":["https:\/\/www.acer-catalunya.org\/wp-content\/uploads\/2024\/04\/Debat12MRecerca-150x150.jpg",150,150,true],"medium":["https:\/\/www.acer-catalunya.org\/wp-content\/uploads\/2024\/04\/Debat12MRecerca-300x222.jpg",300,222,true],"medium_large":["https:\/\/www.acer-catalunya.org\/wp-content\/uploads\/2024\/04\/Debat12MRecerca-768x568.jpg",768,568,true],"large":["https:\/\/www.acer-catalunya.org\/wp-content\/uploads\/2024\/04\/Debat12MRecerca-1024x757.jpg",1024,757,true]},"AFP_attachments":[],"AFP_videos":[],"AFP_video_blocks":"","AFP_category_names":["Sense categoria"],"_links":{"self":[{"href":"https:\/\/www.acer-catalunya.org\/es\/wp-json\/wp\/v2\/posts\/582"}],"collection":[{"href":"https:\/\/www.acer-catalunya.org\/es\/wp-json\/wp\/v2\/posts"}],"about":[{"href":"https:\/\/www.acer-catalunya.org\/es\/wp-json\/wp\/v2\/types\/post"}],"author":[{"embeddable":true,"href":"https:\/\/www.acer-catalunya.org\/es\/wp-json\/wp\/v2\/users\/2"}],"replies":[{"embeddable":true,"href":"https:\/\/www.acer-catalunya.org\/es\/wp-json\/wp\/v2\/comments?post=582"}],"version-history":[{"count":1,"href":"https:\/\/www.acer-catalunya.org\/es\/wp-json\/wp\/v2\/posts\/582\/revisions"}],"predecessor-version":[{"id":583,"href":"https:\/\/www.acer-catalunya.org\/es\/wp-json\/wp\/v2\/posts\/582\/revisions\/583"}],"wp:featuredmedia":[{"embeddable":true,"href":"https:\/\/www.acer-catalunya.org\/es\/wp-json\/wp\/v2\/media\/575"}],"wp:attachment":[{"href":"https:\/\/www.acer-catalunya.org\/es\/wp-json\/wp\/v2\/media?parent=582"}],"wp:term":[{"taxonomy":"category","embeddable":true,"href":"https:\/\/www.acer-catalunya.org\/es\/wp-json\/wp\/v2\/categories?post=582"},{"taxonomy":"post_tag","embeddable":true,"href":"https:\/\/www.acer-catalunya.org\/es\/wp-json\/wp\/v2\/tags?post=582"},{"taxonomy":"post_format","embeddable":true,"href":"https:\/\/www.acer-catalunya.org\/es\/wp-json\/wp\/v2\/post_formats?post=582"}],"curies":[{"name":"wp","href":"https:\/\/api.w.org\/{rel}","templated":true}]}}