{"id":529,"date":"2023-10-05T11:01:45","date_gmt":"2023-10-05T09:01:45","guid":{"rendered":"https:\/\/www.acer-catalunya.org\/?p=529"},"modified":"2023-10-05T11:03:16","modified_gmt":"2023-10-05T09:03:16","slug":"nou-marcador-de-pronostic-de-levolucio-en-pacients-amb-alzheimer-i-altres-demencies","status":"publish","type":"post","link":"https:\/\/www.acer-catalunya.org\/es\/nou-marcador-de-pronostic-de-levolucio-en-pacients-amb-alzheimer-i-altres-demencies\/","title":{"rendered":"Nuevo marcador de pron\u00f3stico de la evoluci\u00f3n en pacientes con Alzheimer y otras demencias"},"content":{"rendered":"\n<p>Investigadores del Hospital del Mar Research Institute han descrito,\u00a0<strong>por primera vez<\/strong>, un\u00a0<strong>marcador<\/strong>\u00a0que puede ayudar a predecir qu\u00e9 pacientes con Alzheimer u otro tipo de demencias\u00a0<strong>sufrir\u00e1n una evoluci\u00f3n m\u00e1s r\u00e1pida de la enfermedad<\/strong>. Se trata del grado de\u00a0<strong>deterioro de la barrera hematoencef\u00e1lica<\/strong>, que regula los intercambios entre la sangre y el cerebro y lo protege de posibles agresiones e infecciones. El trabajo se publica en la revista\u00a0<em>Alzheimer&#8217;s&#038;Dementia<\/em>\u00a0y en \u00e9l tambi\u00e9n han participado investigadores del Barcelona\u03b2eta Brain Research Center (BBRC), centro de investigaci\u00f3n de la Fundaci\u00f3n Pasqual Maragall, y del CIBER en Fragilidad y Envejecimiento (CIBERFES) y del CIBER de Fisiopatolog\u00eda, Obesidad y Nutrici\u00f3n (CIBERObn).<\/p>\n\n\n\n<p>El primer firmante del trabajo, el Dr. Albert Puig-Pijoan, investigador del Hospital del Mar Research Institute y m\u00e9dico adjunto del Servicio de Neurolog\u00eda del Hospital del Mar, apunta que en este estudio&nbsp;<strong><em>\u00abhemos podido&nbsp;<\/em><\/strong><strong><em>ver si el aumento de la permeabilidad de la barrera hematoencef\u00e1lica es un buen predictor o si se asocia a un pron\u00f3stico diferente en los pacientes con deterioro cognitivo\u00bb<\/em><\/strong>. Hasta ahora, se dispon\u00eda de pocos marcadores que permitan prever qu\u00e9 pacientes con diagn\u00f3stico de Alzheimer u otras demencias iban a tener una evoluci\u00f3n m\u00e1s r\u00e1pida.<\/p>\n\n\n\n<p>Para comprobar si el estado de la barrera hematoencef\u00e1lica sirve como predictor, se ha hecho el seguimiento de m\u00e1s de 300 pacientes de la cohorte BIODEGMAR del Hospital del Mar durante cuatro a\u00f1os. Estas personas hab\u00edan sido diagnosticadas de deterioro cognitivo leve o demencia, causadas por diferentes enfermedades neurodegenerativas como Alzheimer o por enfermedad cerebrovascular. Para su diagn\u00f3stico, se contaba con la valoraci\u00f3n cl\u00ednica acompa\u00f1ada de una valoraci\u00f3n neuropsicol\u00f3gica, as\u00ed como dato extra\u00eddos de una punci\u00f3n lumbar y una resonancia magn\u00e9tica. Para ver su evoluci\u00f3n, se hac\u00edan visitas cl\u00ednica y valoraciones neuropsicol\u00f2gicas durante el seguimiento.<\/p>\n\n\n\n<p>Estas personas hab\u00edan sido diagnosticadas de diferentes patolog\u00edas neurodegenerativas, como Alzheimer o enfermedad cerebrovascular, pero tambi\u00e9n de deterioro cognitivo leve. Para ver su evoluci\u00f3n, se contaba con los datos extra\u00eddos de una punci\u00f3n lumbar, acompa\u00f1ada de una valoraci\u00f3n neuropsicol\u00f3gica y una resonancia magn\u00e9tica.<\/p>\n\n\n\n<p><a href=\"https:\/\/www.imim.es\/noticies\/1193\/nou-marcador-de-pronostic-de-levolucio-en-pacients-amb-alzheimer-i-altres-demencies\">M\u00e1s informaci\u00f3n&#8230;<\/a><\/p>\n","protected":false},"excerpt":{"rendered":"<p>Investigadores del Hospital del Mar Research Institute han descrito,\u00a0por primera vez, un\u00a0marcador\u00a0que puede ayudar a predecir qu\u00e9 pacientes con Alzheimer u otro tipo de demencias\u00a0sufrir\u00e1n una evoluci\u00f3n m\u00e1s r\u00e1pida de la enfermedad. Se trata del grado de\u00a0deterioro de la barrera hematoencef\u00e1lica, que regula los intercambios entre la sangre y el cerebro y lo protege de &#8230; <a title=\"Nuevo marcador de pron\u00f3stico de la evoluci\u00f3n en pacientes con Alzheimer y otras demencias\" class=\"read-more\" href=\"https:\/\/www.acer-catalunya.org\/es\/nou-marcador-de-pronostic-de-levolucio-en-pacients-amb-alzheimer-i-altres-demencies\/\" aria-label=\"More on Nuevo marcador de pron\u00f3stico de la evoluci\u00f3n en pacientes con Alzheimer y otras demencias\">Read more<\/a><\/p>\n","protected":false},"author":2,"featured_media":530,"comment_status":"closed","ping_status":"closed","sticky":false,"template":"","format":"standard","meta":[],"categories":[18],"tags":[38,71,44,43,70,34,45],"post_formats":[],"AFP_featured_media_urls":{"full":["https:\/\/www.acer-catalunya.org\/wp-content\/uploads\/2023\/10\/IMIM-ALZHEIMER.jpg",500,375,false],"thumbnail":["https:\/\/www.acer-catalunya.org\/wp-content\/uploads\/2023\/10\/IMIM-ALZHEIMER-150x150.jpg",150,150,true],"medium":["https:\/\/www.acer-catalunya.org\/wp-content\/uploads\/2023\/10\/IMIM-ALZHEIMER-300x225.jpg",300,225,true],"medium_large":["https:\/\/www.acer-catalunya.org\/wp-content\/uploads\/2023\/10\/IMIM-ALZHEIMER.jpg",500,375,false],"large":["https:\/\/www.acer-catalunya.org\/wp-content\/uploads\/2023\/10\/IMIM-ALZHEIMER.jpg",500,375,false]},"AFP_attachments":{"full":["https:\/\/www.acer-catalunya.org\/wp-content\/uploads\/2023\/10\/IMIM-ALZHEIMER.jpg",500,375,false],"thumbnail":["https:\/\/www.acer-catalunya.org\/wp-content\/uploads\/2023\/10\/IMIM-ALZHEIMER-150x150.jpg",150,150,true],"medium":["https:\/\/www.acer-catalunya.org\/wp-content\/uploads\/2023\/10\/IMIM-ALZHEIMER-300x225.jpg",300,225,true],"medium_large":["https:\/\/www.acer-catalunya.org\/wp-content\/uploads\/2023\/10\/IMIM-ALZHEIMER.jpg",500,375,false],"large":["https:\/\/www.acer-catalunya.org\/wp-content\/uploads\/2023\/10\/IMIM-ALZHEIMER.jpg",500,375,false]},"AFP_videos":[],"AFP_video_blocks":"","AFP_category_names":["Noticias"],"_links":{"self":[{"href":"https:\/\/www.acer-catalunya.org\/es\/wp-json\/wp\/v2\/posts\/529"}],"collection":[{"href":"https:\/\/www.acer-catalunya.org\/es\/wp-json\/wp\/v2\/posts"}],"about":[{"href":"https:\/\/www.acer-catalunya.org\/es\/wp-json\/wp\/v2\/types\/post"}],"author":[{"embeddable":true,"href":"https:\/\/www.acer-catalunya.org\/es\/wp-json\/wp\/v2\/users\/2"}],"replies":[{"embeddable":true,"href":"https:\/\/www.acer-catalunya.org\/es\/wp-json\/wp\/v2\/comments?post=529"}],"version-history":[{"count":2,"href":"https:\/\/www.acer-catalunya.org\/es\/wp-json\/wp\/v2\/posts\/529\/revisions"}],"predecessor-version":[{"id":533,"href":"https:\/\/www.acer-catalunya.org\/es\/wp-json\/wp\/v2\/posts\/529\/revisions\/533"}],"wp:featuredmedia":[{"embeddable":true,"href":"https:\/\/www.acer-catalunya.org\/es\/wp-json\/wp\/v2\/media\/530"}],"wp:attachment":[{"href":"https:\/\/www.acer-catalunya.org\/es\/wp-json\/wp\/v2\/media?parent=529"}],"wp:term":[{"taxonomy":"category","embeddable":true,"href":"https:\/\/www.acer-catalunya.org\/es\/wp-json\/wp\/v2\/categories?post=529"},{"taxonomy":"post_tag","embeddable":true,"href":"https:\/\/www.acer-catalunya.org\/es\/wp-json\/wp\/v2\/tags?post=529"},{"taxonomy":"post_format","embeddable":true,"href":"https:\/\/www.acer-catalunya.org\/es\/wp-json\/wp\/v2\/post_formats?post=529"}],"curies":[{"name":"wp","href":"https:\/\/api.w.org\/{rel}","templated":true}]}}