{"id":495,"date":"2023-05-17T11:09:56","date_gmt":"2023-05-17T09:09:56","guid":{"rendered":"https:\/\/www.acer-catalunya.org\/?p=495"},"modified":"2023-05-17T11:14:25","modified_gmt":"2023-05-17T09:14:25","slug":"linvestigador-salvador-macip-suneix-a-linstitut-de-recerca-contra-la-leucemia-josep-carreras","status":"publish","type":"post","link":"https:\/\/www.acer-catalunya.org\/es\/linvestigador-salvador-macip-suneix-a-linstitut-de-recerca-contra-la-leucemia-josep-carreras\/","title":{"rendered":"El investigador Salvador Macip se une al Instituto de Investigaci\u00f3n contra la Leucemia Josep Carreras"},"content":{"rendered":"\n<p><strong>El investigador Salvador Macip, experto en el estudio del c\u00e1ncer y la senescencia, se une al Instituto de Investigaci\u00f3n contra la Leucemia Josep Carreras para dirigir el grupo de \u201cMecanismos del C\u00e1ncer y el Envejecimiento\u201d. El Dr. Macip colaborar\u00e1 con los especialistas en epigen\u00e9tica y senescencia del Instituto Josep Carreras y mantendr\u00e1 sus afiliaciones actuales como profesor, investigador y director de los Estudios de Ciencias de la Salud en la Universitat Oberta de Catalunya y la Universidad de Leicester (Reino Unido).<\/strong><\/p>\n\n\n\n<p>El Instituto de Investigaci\u00f3n contra la Leucemia Josep Carreras (IJC), centro CERCA de la Generalitat de Catalunya,&nbsp;<strong>cuenta con un nuevo laboratorio dirigido por el investigador Salvador Macip<\/strong>&nbsp;en el marco de un&nbsp;<a href=\"https:\/\/www.carrerasresearch.org\/es\/el-ijc-y-la-uoc-refuerzan-su-v%C3%ADnculo-tras-el-establecimiento-de-un-futuro-convenio-de-colaboraci%C3%B3n-cient%C3%ADfica_229596\">convenio de colaboraci\u00f3n institucional entre el Instituto de Investigaci\u00f3n y la Universitat Oberta de Catalunya (UOC)<\/a>. Con este convenio se refuerzan los v\u00ednculos y se establece un marco permanente de colaboraci\u00f3n en investigaci\u00f3n entre las dos instituciones.<\/p>\n\n\n\n<p>El m\u00e9dico, cient\u00edfico y escritor catal\u00e1n liderar\u00e1 el grupo de \u201c<strong><a href=\"https:\/\/www.carrerasresearch.org\/es\/mecanismos-del-c%C3%A1ncer-y-el-envejecimiento-sur-_232112\">Mecanismos del C\u00e1ncer y el Envejecimiento<\/a><\/strong>\u201d, que estudiar\u00e1 los mecanismos que determinan la resistencia en el tratamiento y la reca\u00edda en las neoplasias de c\u00e9lulas B (especialmente en la leucemia linfoc\u00edtica cr\u00f3nica y el linfoma difuso de c\u00e9lulas B grandes) y las v\u00edas moleculares implicadas en las enfermedades relacionadas con el envejecimiento, con especial \u00e9nfasis en el papel de las c\u00e9lulas senescentes en el c\u00e1ncer y los fenotipos de envejecimiento. Tambi\u00e9n investigar\u00e1 marcadores de pron\u00f3stico\/diagn\u00f3stico del envejecimiento y terapias antisenescentes que lleven a un envejecimiento sano y sean tratamientos adyuvantes por la leucemia.<\/p>\n\n\n\n<p><a href=\"https:\/\/www.carrerasresearch.org\/es\/el-investigador-salvador-macip-se-une-al-instituto-de-investigacion-contra-la-leucemia-josep-carreras_232183\">Saber m\u00e1s&#8230;<\/a><\/p>\n","protected":false},"excerpt":{"rendered":"<p>El investigador Salvador Macip, experto en el estudio del c\u00e1ncer y la senescencia, se une al Instituto de Investigaci\u00f3n contra la Leucemia Josep Carreras para dirigir el grupo de \u201cMecanismos del C\u00e1ncer y el Envejecimiento\u201d. El Dr. Macip colaborar\u00e1 con los especialistas en epigen\u00e9tica y senescencia del Instituto Josep Carreras y mantendr\u00e1 sus afiliaciones actuales &#8230; <a title=\"El investigador Salvador Macip se une al Instituto de Investigaci\u00f3n contra la Leucemia Josep Carreras\" class=\"read-more\" href=\"https:\/\/www.acer-catalunya.org\/es\/linvestigador-salvador-macip-suneix-a-linstitut-de-recerca-contra-la-leucemia-josep-carreras\/\" aria-label=\"More on El investigador Salvador Macip se une al Instituto de Investigaci\u00f3n contra la Leucemia Josep Carreras\">Read more<\/a><\/p>\n","protected":false},"author":2,"featured_media":499,"comment_status":"closed","ping_status":"closed","sticky":false,"template":"","format":"standard","meta":[],"categories":[18],"tags":[38,57,44,43,60,59,61,34,45],"post_formats":[],"AFP_featured_media_urls":{"full":["https:\/\/www.acer-catalunya.org\/wp-content\/uploads\/2023\/05\/Macip-Carreras.jpg",1024,613,false],"thumbnail":["https:\/\/www.acer-catalunya.org\/wp-content\/uploads\/2023\/05\/Macip-Carreras-150x150.jpg",150,150,true],"medium":["https:\/\/www.acer-catalunya.org\/wp-content\/uploads\/2023\/05\/Macip-Carreras-300x180.jpg",300,180,true],"medium_large":["https:\/\/www.acer-catalunya.org\/wp-content\/uploads\/2023\/05\/Macip-Carreras-768x460.jpg",768,460,true],"large":["https:\/\/www.acer-catalunya.org\/wp-content\/uploads\/2023\/05\/Macip-Carreras.jpg",1024,613,false]},"AFP_attachments":{"full":["https:\/\/www.acer-catalunya.org\/wp-content\/uploads\/2023\/05\/Macip-Carreras.jpg",1024,613,false],"thumbnail":["https:\/\/www.acer-catalunya.org\/wp-content\/uploads\/2023\/05\/Macip-Carreras-150x150.jpg",150,150,true],"medium":["https:\/\/www.acer-catalunya.org\/wp-content\/uploads\/2023\/05\/Macip-Carreras-300x180.jpg",300,180,true],"medium_large":["https:\/\/www.acer-catalunya.org\/wp-content\/uploads\/2023\/05\/Macip-Carreras-768x460.jpg",768,460,true],"large":["https:\/\/www.acer-catalunya.org\/wp-content\/uploads\/2023\/05\/Macip-Carreras.jpg",1024,613,false]},"AFP_videos":[],"AFP_video_blocks":"","AFP_category_names":["Noticias"],"_links":{"self":[{"href":"https:\/\/www.acer-catalunya.org\/es\/wp-json\/wp\/v2\/posts\/495"}],"collection":[{"href":"https:\/\/www.acer-catalunya.org\/es\/wp-json\/wp\/v2\/posts"}],"about":[{"href":"https:\/\/www.acer-catalunya.org\/es\/wp-json\/wp\/v2\/types\/post"}],"author":[{"embeddable":true,"href":"https:\/\/www.acer-catalunya.org\/es\/wp-json\/wp\/v2\/users\/2"}],"replies":[{"embeddable":true,"href":"https:\/\/www.acer-catalunya.org\/es\/wp-json\/wp\/v2\/comments?post=495"}],"version-history":[{"count":3,"href":"https:\/\/www.acer-catalunya.org\/es\/wp-json\/wp\/v2\/posts\/495\/revisions"}],"predecessor-version":[{"id":498,"href":"https:\/\/www.acer-catalunya.org\/es\/wp-json\/wp\/v2\/posts\/495\/revisions\/498"}],"wp:featuredmedia":[{"embeddable":true,"href":"https:\/\/www.acer-catalunya.org\/es\/wp-json\/wp\/v2\/media\/499"}],"wp:attachment":[{"href":"https:\/\/www.acer-catalunya.org\/es\/wp-json\/wp\/v2\/media?parent=495"}],"wp:term":[{"taxonomy":"category","embeddable":true,"href":"https:\/\/www.acer-catalunya.org\/es\/wp-json\/wp\/v2\/categories?post=495"},{"taxonomy":"post_tag","embeddable":true,"href":"https:\/\/www.acer-catalunya.org\/es\/wp-json\/wp\/v2\/tags?post=495"},{"taxonomy":"post_format","embeddable":true,"href":"https:\/\/www.acer-catalunya.org\/es\/wp-json\/wp\/v2\/post_formats?post=495"}],"curies":[{"name":"wp","href":"https:\/\/api.w.org\/{rel}","templated":true}]}}