{"id":173,"date":"2022-06-13T18:42:29","date_gmt":"2022-06-13T16:42:29","guid":{"rendered":"http:\/\/13.38.105.49\/?p=173"},"modified":"2022-09-27T10:52:28","modified_gmt":"2022-09-27T08:52:28","slug":"lieec-nou-membre-de-la-xarxa-nereus","status":"publish","type":"post","link":"https:\/\/www.acer-catalunya.org\/es\/lieec-nou-membre-de-la-xarxa-nereus\/","title":{"rendered":"L\u2019IEEC, nou membre de la xarxa NEREUS"},"content":{"rendered":"<div class=\"wp-block-image\">\n<figure class=\"alignleft size-full is-resized\"><img decoding=\"async\" src=\"https:\/\/www.acer-catalunya.org\/wp-content\/uploads\/2022\/09\/Descriptor-Regular3x.png\" alt=\"\" class=\"wp-image-177\" width=\"300\" srcset=\"https:\/\/www.acer-catalunya.org\/wp-content\/uploads\/2022\/09\/Descriptor-Regular3x.png 786w, https:\/\/www.acer-catalunya.org\/wp-content\/uploads\/2022\/09\/Descriptor-Regular3x-300x163.png 300w, https:\/\/www.acer-catalunya.org\/wp-content\/uploads\/2022\/09\/Descriptor-Regular3x-768x417.png 768w\" sizes=\"(max-width: 786px) 100vw, 786px\" \/><\/figure><\/div>\n\n\n<p>La xarxa\u00a0<a href=\"https:\/\/www.nereus-regions.eu\/\">Network of European Regions Space Technologies<\/a>\u00a0(NEREUS) acaba d&#8217;aprovar l&#8217;adhesi\u00f3 de l&#8217;<a href=\"https:\/\/www.ieec.cat\/\">Institut d&#8217;Estudis Espacials de Catalunya<\/a>\u00a0(IEEC) com a nou membre. NEREUS representa els interessos de les regions europees que utilitzen tecnologies espacials i, alhora, destaca la dimensi\u00f3 regional de la pol\u00edtica i els programes espacials europeus.<br><br>Aquesta xarxa \u00e9s l&#8217;\u00fanica associaci\u00f3 europea d&#8217;aquest tipus en qu\u00e8 les responsabilitats de la seva governan\u00e7a recauen a les regions que la componen. Com a xarxa tem\u00e0tica \u00fanica en mat\u00e8ria d&#8217;usos regionals de l&#8217;espai, la seva missi\u00f3 principal \u00e9s explorar els beneficis de la tecnologia espacial per a les regions europees i els ciutadans, aix\u00ed com promoure l&#8217;\u00fas de l&#8217;espai i les seves aplicacions.<\/p>\n\n\n\n<p>NEREUS ofereix una plataforma din\u00e0mica a totes les regions que pretenen fer un millor \u00fas de les aplicacions espacials per a la realitzaci\u00f3 de pol\u00edtiques p\u00fabliques eficients que benefici\u00efn els ciutadans. En proporcionar aquesta plataforma, la xarxa d\u00f3na a con\u00e8ixer els beneficis que ofereix l&#8217;espai i ajuda totes les regions i els seus ciutadans a aprofitar-los. Per tant, s&#8217;espera que (i) serveixi de f\u00f2rum per facilitar aquest proc\u00e9s de traducci\u00f3 i promoure una \u00e0mplia acceptaci\u00f3 a tot Europa, i (ii) garanteixi que els sistemes anteriors evolucionin per servir millor les necessitats dels usuaris posteriors.<br><br>Les principals activitats de NEREUS se centren en el di\u00e0leg pol\u00edtic, la cooperaci\u00f3 i l&#8217;associaci\u00f3 interregional, les tend\u00e8ncies i els desenvolupaments tecnol\u00f2gics rellevants per a les futures solucions espacials i les necessitats dels usuaris.<\/p>\n\n\n\n<p>La xarxa est\u00e0 organitzada com una associaci\u00f3 belga sense \u00e0nim de lucre, \u00e9s econ\u00f2micament independent i es finan\u00e7a exclusivament amb les quotes annuals dels seus membres.<\/p>\n","protected":false},"excerpt":{"rendered":"<p>La xarxa\u00a0Network of European Regions Space Technologies\u00a0(NEREUS) acaba d&#8217;aprovar l&#8217;adhesi\u00f3 de l&#8217;Institut d&#8217;Estudis Espacials de Catalunya\u00a0(IEEC) com a nou membre. NEREUS representa els interessos de les regions europees que utilitzen tecnologies espacials i, alhora, destaca la dimensi\u00f3 regional de la pol\u00edtica i els programes espacials europeus. Aquesta xarxa \u00e9s l&#8217;\u00fanica associaci\u00f3 europea d&#8217;aquest tipus en &#8230; <a title=\"L\u2019IEEC, nou membre de la xarxa NEREUS\" class=\"read-more\" href=\"https:\/\/www.acer-catalunya.org\/es\/lieec-nou-membre-de-la-xarxa-nereus\/\" aria-label=\"More on L\u2019IEEC, nou membre de la xarxa NEREUS\">Read more<\/a><\/p>\n","protected":false},"author":1,"featured_media":0,"comment_status":"closed","ping_status":"closed","sticky":false,"template":"","format":"standard","meta":[],"categories":[18],"tags":[],"post_formats":[],"AFP_featured_media_urls":{"full":false,"thumbnail":false,"medium":false,"medium_large":false,"large":false},"AFP_attachments":{"full":["https:\/\/www.acer-catalunya.org\/wp-content\/uploads\/2022\/09\/nereus.png",331,152,false],"thumbnail":["https:\/\/www.acer-catalunya.org\/wp-content\/uploads\/2022\/09\/nereus-150x150.png",150,150,true],"medium":["https:\/\/www.acer-catalunya.org\/wp-content\/uploads\/2022\/09\/nereus-300x138.png",300,138,true],"medium_large":["https:\/\/www.acer-catalunya.org\/wp-content\/uploads\/2022\/09\/nereus.png",331,152,false],"large":["https:\/\/www.acer-catalunya.org\/wp-content\/uploads\/2022\/09\/nereus.png",331,152,false]},"AFP_videos":[],"AFP_video_blocks":"","AFP_category_names":["Noticias"],"_links":{"self":[{"href":"https:\/\/www.acer-catalunya.org\/es\/wp-json\/wp\/v2\/posts\/173"}],"collection":[{"href":"https:\/\/www.acer-catalunya.org\/es\/wp-json\/wp\/v2\/posts"}],"about":[{"href":"https:\/\/www.acer-catalunya.org\/es\/wp-json\/wp\/v2\/types\/post"}],"author":[{"embeddable":true,"href":"https:\/\/www.acer-catalunya.org\/es\/wp-json\/wp\/v2\/users\/1"}],"replies":[{"embeddable":true,"href":"https:\/\/www.acer-catalunya.org\/es\/wp-json\/wp\/v2\/comments?post=173"}],"version-history":[{"count":5,"href":"https:\/\/www.acer-catalunya.org\/es\/wp-json\/wp\/v2\/posts\/173\/revisions"}],"predecessor-version":[{"id":181,"href":"https:\/\/www.acer-catalunya.org\/es\/wp-json\/wp\/v2\/posts\/173\/revisions\/181"}],"wp:attachment":[{"href":"https:\/\/www.acer-catalunya.org\/es\/wp-json\/wp\/v2\/media?parent=173"}],"wp:term":[{"taxonomy":"category","embeddable":true,"href":"https:\/\/www.acer-catalunya.org\/es\/wp-json\/wp\/v2\/categories?post=173"},{"taxonomy":"post_tag","embeddable":true,"href":"https:\/\/www.acer-catalunya.org\/es\/wp-json\/wp\/v2\/tags?post=173"},{"taxonomy":"post_format","embeddable":true,"href":"https:\/\/www.acer-catalunya.org\/es\/wp-json\/wp\/v2\/post_formats?post=173"}],"curies":[{"name":"wp","href":"https:\/\/api.w.org\/{rel}","templated":true}]}}