{"id":529,"date":"2023-10-05T11:01:45","date_gmt":"2023-10-05T09:01:45","guid":{"rendered":"https:\/\/www.acer-catalunya.org\/?p=529"},"modified":"2023-10-05T11:03:16","modified_gmt":"2023-10-05T09:03:16","slug":"nou-marcador-de-pronostic-de-levolucio-en-pacients-amb-alzheimer-i-altres-demencies","status":"publish","type":"post","link":"https:\/\/www.acer-catalunya.org\/en\/nou-marcador-de-pronostic-de-levolucio-en-pacients-amb-alzheimer-i-altres-demencies\/","title":{"rendered":"Nou marcador de pron\u00f2stic de l\u2019evoluci\u00f3 en pacients amb Alzheimer i altres dem\u00e8ncies"},"content":{"rendered":"\n<p>Investigadors de l&#8217;Hospital del Mar Research Institute han descrit,\u00a0<strong>per primera vegada<\/strong>, un\u00a0<strong>marcador<\/strong>\u00a0que pot ajudar a predir quins pacients amb Alzheimer o altre tipus de dem\u00e8ncies\u00a0<strong>patiran una evoluci\u00f3 m\u00e9s r\u00e0pida de la malaltia<\/strong>. Es tracta del grau de\u00a0<strong>deteriorament de la barrera hematoencef\u00e0lica<\/strong>, que regula els intercanvis entre la sang i el cervell i el protegeix de possibles agressions i infeccions. El treball es publica a la revista\u00a0<em>Alzheimer&#8217;s&#038;Dementia<\/em>\u00a0i en ell tamb\u00e9 han participat investigadors del <a href=\"https:\/\/www.barcelonabeta.org\/ca\">Barcelona\u03b2eta Brain Research Center (BBRC)<\/a>, centre de recerca de la Fundaci\u00f3 Pasqual Maragall, i del CIBER en Fragilitat i Envelliment (CIBERFES) i del CIBER de Fisiopatologia, Obesitat i Nutrici\u00f3 (CIBERObn).<\/p>\n\n\n\n<p>El primer signant del treball, el Dr. Albert Puig-Pijoan, investigador de l&#8217;Hospital del Mar Research Institute i metge adjunt del Servei de Neurologia de l&#8217;Hospital del Mar, apunta que en aquest estudi&nbsp;<strong><em>&#8220;hem pogut&nbsp;<\/em><\/strong><strong><em>veure si l&#8217;augment de la permeabilitat de la barrera hematoencef\u00e0lica \u00e9s un bon predictor o si s&#8217;associa a un pron\u00f2stic diferent en els pacients amb deteriorament cognitiu&#8221;<\/em><\/strong>. Fins ara, es disposava de pocs marcadors que permetin preveure quins pacients amb diagn\u00f2stic d&#8217;Alzheimer o altres dem\u00e8ncies anaven a tenir una evoluci\u00f3 m\u00e9s r\u00e0pida.<\/p>\n\n\n\n<p>Per comprovar si l&#8217;estat de la barrera hematoencef\u00e0lica serveix com a predictor, s&#8217;ha fet el seguiment de m\u00e9s de 300 pacients de la cohort BIODEGMAR de l&#8217;Hospital del Mar durant quatre anys. Aquestes persones havien estat diagnosticades de deteriorament cognitiu lleu o dem\u00e8ncia, causades per diferents malalties neurodegeneratives com ara Alzheimer o per malaltia cerebrovascular. Per al seu diagn\u00f2stic, es comptava amb la valoraci\u00f3 cl\u00ednica acompanyada d&#8217;una valoraci\u00f3 neuropsicol\u00f2gica, aix\u00ed com dades extretes d&#8217;una punci\u00f3 lumbar i una resson\u00e0ncia magn\u00e8tica. Per veure la seva evoluci\u00f3, es feien visites cl\u00edniques i valoracions neuropsicol\u00f2giques durant el seguiment.<\/p>\n\n\n\n<p>Aquestes persones havien estat diagnosticades de diferents patologies neurodegeneratives, com ara Alzheimer o malaltia cerebrovascular, per\u00f2 tamb\u00e9 de deteriorament cognitiu lleu. Per veure la seva evoluci\u00f3, es comptava amb les dades extretes d&#8217;una punci\u00f3 lumbar, acompanyada d&#8217;una valoraci\u00f3 neuropsicol\u00f2gica i una resson\u00e0ncia magn\u00e8tica.<\/p>\n\n\n\n<p><a href=\"https:\/\/www.imim.es\/noticies\/1193\/nou-marcador-de-pronostic-de-levolucio-en-pacients-amb-alzheimer-i-altres-demencies\">Saber-ne m\u00e9s&#8230;<\/a><\/p>\n","protected":false},"excerpt":{"rendered":"<p>Investigadors de l&#8217;Hospital del Mar Research Institute han descrit,\u00a0per primera vegada, un\u00a0marcador\u00a0que pot ajudar a predir quins pacients amb Alzheimer o altre tipus de dem\u00e8ncies\u00a0patiran una evoluci\u00f3 m\u00e9s r\u00e0pida de la malaltia. Es tracta del grau de\u00a0deteriorament de la barrera hematoencef\u00e0lica, que regula els intercanvis entre la sang i el cervell i el protegeix de &#8230; <a title=\"Nou marcador de pron\u00f2stic de l\u2019evoluci\u00f3 en pacients amb Alzheimer i altres dem\u00e8ncies\" class=\"read-more\" href=\"https:\/\/www.acer-catalunya.org\/en\/nou-marcador-de-pronostic-de-levolucio-en-pacients-amb-alzheimer-i-altres-demencies\/\" aria-label=\"More on Nou marcador de pron\u00f2stic de l\u2019evoluci\u00f3 en pacients amb Alzheimer i altres dem\u00e8ncies\">Read more<\/a><\/p>\n","protected":false},"author":2,"featured_media":530,"comment_status":"closed","ping_status":"closed","sticky":false,"template":"","format":"standard","meta":[],"categories":[18],"tags":[38,71,44,43,70,34,45],"post_formats":[],"AFP_featured_media_urls":{"full":["https:\/\/www.acer-catalunya.org\/wp-content\/uploads\/2023\/10\/IMIM-ALZHEIMER.jpg",500,375,false],"thumbnail":["https:\/\/www.acer-catalunya.org\/wp-content\/uploads\/2023\/10\/IMIM-ALZHEIMER-150x150.jpg",150,150,true],"medium":["https:\/\/www.acer-catalunya.org\/wp-content\/uploads\/2023\/10\/IMIM-ALZHEIMER-300x225.jpg",300,225,true],"medium_large":["https:\/\/www.acer-catalunya.org\/wp-content\/uploads\/2023\/10\/IMIM-ALZHEIMER.jpg",500,375,false],"large":["https:\/\/www.acer-catalunya.org\/wp-content\/uploads\/2023\/10\/IMIM-ALZHEIMER.jpg",500,375,false]},"AFP_attachments":{"full":["https:\/\/www.acer-catalunya.org\/wp-content\/uploads\/2023\/10\/IMIM-ALZHEIMER.jpg",500,375,false],"thumbnail":["https:\/\/www.acer-catalunya.org\/wp-content\/uploads\/2023\/10\/IMIM-ALZHEIMER-150x150.jpg",150,150,true],"medium":["https:\/\/www.acer-catalunya.org\/wp-content\/uploads\/2023\/10\/IMIM-ALZHEIMER-300x225.jpg",300,225,true],"medium_large":["https:\/\/www.acer-catalunya.org\/wp-content\/uploads\/2023\/10\/IMIM-ALZHEIMER.jpg",500,375,false],"large":["https:\/\/www.acer-catalunya.org\/wp-content\/uploads\/2023\/10\/IMIM-ALZHEIMER.jpg",500,375,false]},"AFP_videos":[],"AFP_video_blocks":"","AFP_category_names":["News"],"_links":{"self":[{"href":"https:\/\/www.acer-catalunya.org\/en\/wp-json\/wp\/v2\/posts\/529"}],"collection":[{"href":"https:\/\/www.acer-catalunya.org\/en\/wp-json\/wp\/v2\/posts"}],"about":[{"href":"https:\/\/www.acer-catalunya.org\/en\/wp-json\/wp\/v2\/types\/post"}],"author":[{"embeddable":true,"href":"https:\/\/www.acer-catalunya.org\/en\/wp-json\/wp\/v2\/users\/2"}],"replies":[{"embeddable":true,"href":"https:\/\/www.acer-catalunya.org\/en\/wp-json\/wp\/v2\/comments?post=529"}],"version-history":[{"count":2,"href":"https:\/\/www.acer-catalunya.org\/en\/wp-json\/wp\/v2\/posts\/529\/revisions"}],"predecessor-version":[{"id":533,"href":"https:\/\/www.acer-catalunya.org\/en\/wp-json\/wp\/v2\/posts\/529\/revisions\/533"}],"wp:featuredmedia":[{"embeddable":true,"href":"https:\/\/www.acer-catalunya.org\/en\/wp-json\/wp\/v2\/media\/530"}],"wp:attachment":[{"href":"https:\/\/www.acer-catalunya.org\/en\/wp-json\/wp\/v2\/media?parent=529"}],"wp:term":[{"taxonomy":"category","embeddable":true,"href":"https:\/\/www.acer-catalunya.org\/en\/wp-json\/wp\/v2\/categories?post=529"},{"taxonomy":"post_tag","embeddable":true,"href":"https:\/\/www.acer-catalunya.org\/en\/wp-json\/wp\/v2\/tags?post=529"},{"taxonomy":"post_format","embeddable":true,"href":"https:\/\/www.acer-catalunya.org\/en\/wp-json\/wp\/v2\/post_formats?post=529"}],"curies":[{"name":"wp","href":"https:\/\/api.w.org\/{rel}","templated":true}]}}